{"id":276,"date":"2022-09-21T13:03:26","date_gmt":"2022-09-21T11:03:26","guid":{"rendered":"http:\/\/biuropleskot.eu\/?p=276"},"modified":"2022-09-21T13:05:27","modified_gmt":"2022-09-21T11:05:27","slug":"skladki-spoleczne-zus-przedsiebiorcy","status":"publish","type":"post","link":"http:\/\/biuropleskot.eu\/?p=276","title":{"rendered":"Sk\u0142adki spo\u0142eczne ZUS przedsi\u0119biorcy"},"content":{"rendered":"\n<h3 class=\"wp-block-heading\">Kwota sk\u0142adek spo\u0142ecznych ZUS<\/h3>\n\n\n\n<p><strong>Miesi\u0119czna podstawa wymiaru sk\u0142adek spo\u0142ecznych w&nbsp;2022&nbsp;r.<\/strong>&nbsp;dla przedsi\u0119biorc\u00f3w i&nbsp;os\u00f3b wsp\u00f3\u0142pracuj\u0105cych op\u0142acaj\u0105cych je od 60% prognozowanego przeci\u0119tnego wynagrodzenia miesi\u0119cznego przyj\u0119tego do ustalenia kwoty ograniczenia rocznej podstawy wymiaru sk\u0142adek emerytalno-rentowych og\u0142oszonego na dany rok kalendarzowy wynosi <strong>3.553,20 z\u0142 <\/strong>(tj. 60% z&nbsp;kwoty 5.922 z\u0142).<\/p>\n\n\n\n<figure class=\"wp-block-table\"><table><tbody><tr><td>Rodzaj sk\u0142adki<\/td><td>Stawka<\/td><td>Kwota<\/td><\/tr><tr><td>emerytalna<\/td><td>19,52%<\/td><td>693,58 z\u0142<\/td><\/tr><tr><td>rentowa<\/td><td>8%<\/td><td>284,26 z\u0142<\/td><\/tr><tr><td>chorobowa<\/td><td>2,45%<\/td><td>87,05 z\u0142<\/td><\/tr><tr><td>wypadkowa<\/td><td>1,67 %<\/td><td>59,34 z\u0142<\/td><\/tr><tr><td>RAZEM<\/td><td><\/td><td><strong>1124,23 z\u0142<\/strong><\/td><\/tr><\/tbody><\/table><\/figure>\n\n\n\n<p><br><strong>Sk\u0142adki na FP, FS i&nbsp;FG\u015aP na 2022&nbsp;r.<\/strong><\/p>\n\n\n\n<figure class=\"wp-block-table\"><table><tbody><tr><td><strong>FP i FS<\/strong><\/td><td>2,45%<\/td><\/tr><tr><td><strong>FG\u015aP<\/strong><\/td><td>0,10%<\/td><\/tr><\/tbody><\/table><\/figure>\n\n\n\n<h3 class=\"wp-block-heading\">Obni\u017cone sk\u0142adki ZUS \/ preferencyjne<\/h3>\n\n\n\n<p>Warunki:<\/p>\n\n\n\n<ol class=\"wp-block-list\"><li>nie prowadzisz lub w okresie ostatnich 60 miesi\u0119cy kalendarzowych przed dniem rozpocz\u0119cia dzia\u0142alno\u015bci gospodarczej nie prowadzi\u0142e\u015b innej pozarolniczej dzia\u0142alno\u015bci<\/li><li>nie wykonujesz dzia\u0142alno\u015bci gospodarczej&nbsp;<strong>na rzecz by\u0142ego pracodawcy<\/strong>, u kt\u00f3rego w bie\u017c\u0105cym lub w poprzednim roku kalendarzowym pracowa\u0142e\u015b na etacie i wykonywa\u0142e\u015b czynno\u015bci wchodz\u0105ce w zakres obecnie wykonywanej dzia\u0142alno\u015bci.<\/li><\/ol>\n\n\n\n<p><strong>Miesi\u0119czna podstawa wymiaru sk\u0142adek spo\u0142ecznych w&nbsp;2022&nbsp;r.<\/strong>&nbsp;dla przedsi\u0119biorc\u00f3w op\u0142acaj\u0105cych je od 30% kwoty minimalnego wynagrodzenia wynosi <strong>903 z\u0142<\/strong> (tj. 30% z&nbsp;kwoty 3.010 z\u0142).<\/p>\n\n\n\n<figure class=\"wp-block-table\"><table><tbody><tr><td>Rodzaj<br>ubezpieczenia<\/td><td>Stawka<\/td><td>Kwota<\/td><\/tr><tr><td>emerytalne<\/td><td>19,52%<\/td><td>176,27 z\u0142<\/td><\/tr><tr><td>rentowe<\/td><td>8%<\/td><td>72,24 z\u0142<\/td><\/tr><tr><td>chorobowe<\/td><td>2,45%<\/td><td>22,12 z\u0142<\/td><\/tr><tr><td>wypadkowe<\/td><td>1,67%<\/td><td>15,08 z\u0142<\/td><\/tr><tr><td>RAZEM<\/td><td><\/td><td><strong>285,71 z\u0142<\/strong><\/td><\/tr><\/tbody><\/table><\/figure>\n\n\n\n<p>Op\u0142acaj\u0105c sk\u0142adki spo\u0142eczne ZUS na zasadach preferencyjnych w 2022 r. mo\u017cna zaoszcz\u0119dzi\u0107<strong> 838,52 z\u0142 <\/strong>miesi\u0119cznie.<\/p>\n","protected":false},"excerpt":{"rendered":"<p>Kwota sk\u0142adek spo\u0142ecznych ZUS Miesi\u0119czna podstawa wymiaru sk\u0142adek spo\u0142ecznych w&nbsp;2022&nbsp;r.&nbsp;dla przedsi\u0119biorc\u00f3w i&nbsp;os\u00f3b wsp\u00f3\u0142pracuj\u0105cych op\u0142acaj\u0105cych je od 60% prognozowanego przeci\u0119tnego wynagrodzenia miesi\u0119cznego przyj\u0119tego do ustalenia kwoty ograniczenia rocznej podstawy wymiaru sk\u0142adek emerytalno-rentowych og\u0142oszonego na dany rok kalendarzowy wynosi 3.553,20 z\u0142 (tj. 60% z&nbsp;kwoty 5.922 z\u0142). Rodzaj sk\u0142adki Stawka Kwota emerytalna 19,52% 693,58 z\u0142 rentowa 8% 284,26&hellip;<\/p>\n<p class=\"more-link\"><a href=\"http:\/\/biuropleskot.eu\/?p=276\" class=\"themebutton2\">Dowiedz si\u0119 wi\u0119cej<\/a><\/p>\n","protected":false},"author":1,"featured_media":278,"comment_status":"open","ping_status":"open","sticky":false,"template":"","format":"standard","meta":{"footnotes":""},"categories":[8],"tags":[16],"class_list":["post-276","post","type-post","status-publish","format-standard","has-post-thumbnail","hentry","category-zus","tag-skladki-spoleczne"],"_links":{"self":[{"href":"http:\/\/biuropleskot.eu\/index.php?rest_route=\/wp\/v2\/posts\/276","targetHints":{"allow":["GET"]}}],"collection":[{"href":"http:\/\/biuropleskot.eu\/index.php?rest_route=\/wp\/v2\/posts"}],"about":[{"href":"http:\/\/biuropleskot.eu\/index.php?rest_route=\/wp\/v2\/types\/post"}],"author":[{"embeddable":true,"href":"http:\/\/biuropleskot.eu\/index.php?rest_route=\/wp\/v2\/users\/1"}],"replies":[{"embeddable":true,"href":"http:\/\/biuropleskot.eu\/index.php?rest_route=%2Fwp%2Fv2%2Fcomments&post=276"}],"version-history":[{"count":2,"href":"http:\/\/biuropleskot.eu\/index.php?rest_route=\/wp\/v2\/posts\/276\/revisions"}],"predecessor-version":[{"id":279,"href":"http:\/\/biuropleskot.eu\/index.php?rest_route=\/wp\/v2\/posts\/276\/revisions\/279"}],"wp:featuredmedia":[{"embeddable":true,"href":"http:\/\/biuropleskot.eu\/index.php?rest_route=\/wp\/v2\/media\/278"}],"wp:attachment":[{"href":"http:\/\/biuropleskot.eu\/index.php?rest_route=%2Fwp%2Fv2%2Fmedia&parent=276"}],"wp:term":[{"taxonomy":"category","embeddable":true,"href":"http:\/\/biuropleskot.eu\/index.php?rest_route=%2Fwp%2Fv2%2Fcategories&post=276"},{"taxonomy":"post_tag","embeddable":true,"href":"http:\/\/biuropleskot.eu\/index.php?rest_route=%2Fwp%2Fv2%2Ftags&post=276"}],"curies":[{"name":"wp","href":"https:\/\/api.w.org\/{rel}","templated":true}]}}